{"short_name":"Gabriel","name":"Gabriel Asselin","icons":[{"src":"https:\/\/dkemhji6i1k0x.cloudfront.net\/000_clients\/1079582\/file\/good-vibes-scan-img-20231220-0002-2-1ec82b.jpg","sizes":"16x16","type":"image\/jpeg","purpose":"any maskable"}],"start_url":"\/","scope":"\/","display":"standalone","lang":"en","background_color":"#ffffff","description":"Portfolio Gabriel Asselin Pr\u00e9sentation de projets cr\u00e9atifs en art visuel et de savoir-faire num\u00e9rique.","orientation":"portrait-primary","theme_color":"#ffffff","related_applications":[{"platform":"web","url":"http:\/\/www.gabrielasselin.com"}]}